{"id":910,"date":"2022-11-15T12:50:07","date_gmt":"2022-11-15T15:50:07","guid":{"rendered":"https:\/\/fitsglobal.com.br\/agua\/?p=910"},"modified":"2022-12-03T11:24:53","modified_gmt":"2022-12-03T14:24:53","slug":"anderson-sato","status":"publish","type":"post","link":"https:\/\/fitsglobal.com.br\/agua\/anderson-sato\/","title":{"rendered":"Anderson Sato"},"content":{"rendered":"\n<p class=\"has-text-align-center wp-block-paragraph\" style=\"text-transform:uppercase\">L\u00edder do Grupo de Pesquisa em Desastres Socionaturais do Instituto de Educa\u00e7\u00e3o de Angra dos Reis da Universidade Federal Fluminense &#8211; GDEN IEAR UFF<\/p>\n\n\n\n<!--more bio-->\n\n\n\n<p class=\"wp-block-paragraph\">Bacharel em Ecologia com mestrado, doutorado e p\u00f3s-doutorado em Geografia pela Universidade Federal do Rio de Janeiro e capacita\u00e7\u00e3o no CEMADEN. Professor Adjunto da Universidade Federal Fluminense no Departamento de Geografia e Pol\u00edticas P\u00fablicas. Professor da Especializa\u00e7\u00e3o em Gest\u00e3o de Territ\u00f3rios e Saberes. L\u00edder do Grupo de Pesquisa em Desastres Socionaturais (GDEN\/UFF) e pesquisador associado ao Laborat\u00f3rio de Geohidroecologia (GEOHECO\/UFRJ) e ao CEMADEN Educa\u00e7\u00e3o. Membro do Comit\u00ea de Bacia Hidrogr\u00e1fica da Ba\u00eda da Ilha Grande e do Conselho Deliberativo da RDS Aventureiro\/INEA, onde coordena o GT Riscos e Desastre. Integra a Rede de Educa\u00e7\u00e3o para Redu\u00e7\u00e3o de Desastres (RED) e o N\u00facleo Comunit\u00e1rio de Sustentabilidade da Bacia Escola do Retiro. Obteve o pr\u00eamio por m\u00e9rito na Campanha #AprenderParaPrevenir 2019 &#8211; CEMADEN Educa\u00e7\u00e3o. Experi\u00eancia em projetos participativos de gest\u00e3o de riscos de desastres socioambientais, com atua\u00e7\u00e3o nas linhas de Preven\u00e7\u00e3o de Desastres, Hidrologia, Geoecologia e Ensino de Geografia com apoio de Geotecnologias e Tecnologias Sociais.<\/p>\n","protected":false},"excerpt":{"rendered":"<p>L\u00edder do Grupo de Pesquisa em Desastres Socionaturais do Instituto de Educa\u00e7\u00e3o de Angra dos Reis da Universidade Federal Fluminense &#8211; GDEN IEAR UFF<\/p>\n","protected":false},"author":1,"featured_media":1076,"comment_status":"open","ping_status":"open","sticky":false,"template":"","format":"standard","meta":{"advgb_blocks_editor_width":"","advgb_blocks_columns_visual_guide":"","footnotes":""},"categories":[31,27],"tags":[],"class_list":["post-910","post","type-post","status-publish","format-standard","has-post-thumbnail","hentry","category-dialogosparaty","category-palestrantesparaty22"],"author_meta":{"display_name":"ivan","author_link":"https:\/\/fitsglobal.com.br\/agua\/author\/ivan\/"},"featured_img":"https:\/\/fitsglobal.com.br\/agua\/wp-content\/uploads\/2022\/12\/WhatsApp-Image-2022-12-03-at-09.13.45-e1670077119700-300x300.jpeg","coauthors":[],"tax_additional":{"categories":{"linked":["<a href=\"https:\/\/fitsglobal.com.br\/agua\/dialogos\/dialogosparaty\/\" class=\"advgb-post-tax-term\">Di\u00e1logos Paraty<\/a>","<a href=\"https:\/\/fitsglobal.com.br\/agua\/dialogos\/palestrantesparaty22\/\" class=\"advgb-post-tax-term\">palestrantesparaty22<\/a>"],"unlinked":["<span class=\"advgb-post-tax-term\">Di\u00e1logos Paraty<\/span>","<span class=\"advgb-post-tax-term\">palestrantesparaty22<\/span>"]}},"comment_count":"0","relative_dates":{"created":"Posted 4 anos ago","modified":"Updated 4 anos ago"},"absolute_dates":{"created":"Posted on 15 de novembro de 2022","modified":"Updated on 3 de dezembro de 2022"},"absolute_dates_time":{"created":"Posted on 15 de novembro de 2022 12:50","modified":"Updated on 3 de dezembro de 2022 11:24"},"featured_img_caption":"","series_order":"","jetpack_featured_media_url":"https:\/\/fitsglobal.com.br\/agua\/wp-content\/uploads\/2022\/12\/WhatsApp-Image-2022-12-03-at-09.13.45-e1670077119700.jpeg","_links":{"self":[{"href":"https:\/\/fitsglobal.com.br\/agua\/wp-json\/wp\/v2\/posts\/910","targetHints":{"allow":["GET"]}}],"collection":[{"href":"https:\/\/fitsglobal.com.br\/agua\/wp-json\/wp\/v2\/posts"}],"about":[{"href":"https:\/\/fitsglobal.com.br\/agua\/wp-json\/wp\/v2\/types\/post"}],"author":[{"embeddable":true,"href":"https:\/\/fitsglobal.com.br\/agua\/wp-json\/wp\/v2\/users\/1"}],"replies":[{"embeddable":true,"href":"https:\/\/fitsglobal.com.br\/agua\/wp-json\/wp\/v2\/comments?post=910"}],"version-history":[{"count":2,"href":"https:\/\/fitsglobal.com.br\/agua\/wp-json\/wp\/v2\/posts\/910\/revisions"}],"predecessor-version":[{"id":1077,"href":"https:\/\/fitsglobal.com.br\/agua\/wp-json\/wp\/v2\/posts\/910\/revisions\/1077"}],"wp:featuredmedia":[{"embeddable":true,"href":"https:\/\/fitsglobal.com.br\/agua\/wp-json\/wp\/v2\/media\/1076"}],"wp:attachment":[{"href":"https:\/\/fitsglobal.com.br\/agua\/wp-json\/wp\/v2\/media?parent=910"}],"wp:term":[{"taxonomy":"category","embeddable":true,"href":"https:\/\/fitsglobal.com.br\/agua\/wp-json\/wp\/v2\/categories?post=910"},{"taxonomy":"post_tag","embeddable":true,"href":"https:\/\/fitsglobal.com.br\/agua\/wp-json\/wp\/v2\/tags?post=910"}],"curies":[{"name":"wp","href":"https:\/\/api.w.org\/{rel}","templated":true}]}}