{"id":158,"date":"2025-11-20T17:53:54","date_gmt":"2025-11-20T20:53:54","guid":{"rendered":"https:\/\/fitsglobal.com.br\/mineracao\/?p=158"},"modified":"2025-12-09T14:44:03","modified_gmt":"2025-12-09T17:44:03","slug":"debora-toci","status":"publish","type":"post","link":"https:\/\/fitsglobal.com.br\/mineracao\/debora-toci\/","title":{"rendered":"Debora Toci"},"content":{"rendered":"\n<p class=\"has-text-align-center\" style=\"text-transform:uppercase\">Ex Diretora da ANM Ag\u00eancia Nacional de Minera\u00e7\u00e3o. Especialista em Regula\u00e7\u00e3o Mineral. ESPECIALISTA EM ASSUNTOS REGULAT\u00d3RIOS E SANEAMENTO DO IRM INSTITUTO RIO METR\u00d3POLE.<\/p>\n\n\n\n<!--more-->\n\n\n\n<p>Ge\u00f3loga esp. em Economia Mineral, pela UFRJ, MBA em Gest\u00e3o de Meio Ambiente e Sustentabilidade pela FGV, Esp. em Gest\u00e3o e Regula\u00e7\u00e3o pela Funda\u00e7\u00e3o Dom Cabral, Esp. de Conselheira de Administra\u00e7\u00e3o pelo IBGC, Esp. em Desenvolvimento Regional pela Univ. Candido Mendes. Atua desde 2000 sendo parte na iniciativa privada e, nos \u00faltimos 17 anos, no servi\u00e7o p\u00fablico como ge\u00f3loga, coord de projetos especiais e Diretora de minera\u00e7\u00e3o do Departamento de Recursos Minerais do Estado do Rio de Janeiro \u2013 DRM\/RJ e como Diretora Colegiada da ANM, atualmente no Inst. Rio Metr\u00f3pole como Especialista em Regula\u00e7\u00e3o e de Projetos Especiais, \u00e9 conselheira do F\u00f3rum de Minera\u00e7\u00e3o da FIRJAN e da Revista Brasil Mineral.<\/p>\n","protected":false},"excerpt":{"rendered":"<p>Ex Diretora da ANM Ag\u00eancia Nacional de Minera\u00e7\u00e3o. Especialista em Regula\u00e7\u00e3o Mineral. ESPECIALISTA EM ASSUNTOS REGULAT\u00d3RIOS E SANEAMENTO DO IRM INSTITUTO RIO METR\u00d3POLE.<\/p>\n","protected":false},"author":1,"featured_media":159,"comment_status":"open","ping_status":"open","sticky":false,"template":"","format":"standard","meta":{"_acf_changed":false,"footnotes":""},"categories":[4],"tags":[],"class_list":["post-158","post","type-post","status-publish","format-standard","has-post-thumbnail","hentry","category-palestrantes2025"],"acf":[],"_links":{"self":[{"href":"https:\/\/fitsglobal.com.br\/mineracao\/wp-json\/wp\/v2\/posts\/158","targetHints":{"allow":["GET"]}}],"collection":[{"href":"https:\/\/fitsglobal.com.br\/mineracao\/wp-json\/wp\/v2\/posts"}],"about":[{"href":"https:\/\/fitsglobal.com.br\/mineracao\/wp-json\/wp\/v2\/types\/post"}],"author":[{"embeddable":true,"href":"https:\/\/fitsglobal.com.br\/mineracao\/wp-json\/wp\/v2\/users\/1"}],"replies":[{"embeddable":true,"href":"https:\/\/fitsglobal.com.br\/mineracao\/wp-json\/wp\/v2\/comments?post=158"}],"version-history":[{"count":3,"href":"https:\/\/fitsglobal.com.br\/mineracao\/wp-json\/wp\/v2\/posts\/158\/revisions"}],"predecessor-version":[{"id":257,"href":"https:\/\/fitsglobal.com.br\/mineracao\/wp-json\/wp\/v2\/posts\/158\/revisions\/257"}],"wp:featuredmedia":[{"embeddable":true,"href":"https:\/\/fitsglobal.com.br\/mineracao\/wp-json\/wp\/v2\/media\/159"}],"wp:attachment":[{"href":"https:\/\/fitsglobal.com.br\/mineracao\/wp-json\/wp\/v2\/media?parent=158"}],"wp:term":[{"taxonomy":"category","embeddable":true,"href":"https:\/\/fitsglobal.com.br\/mineracao\/wp-json\/wp\/v2\/categories?post=158"},{"taxonomy":"post_tag","embeddable":true,"href":"https:\/\/fitsglobal.com.br\/mineracao\/wp-json\/wp\/v2\/tags?post=158"}],"curies":[{"name":"wp","href":"https:\/\/api.w.org\/{rel}","templated":true}]}}